{"id":5737,"date":"2022-04-05T09:28:20","date_gmt":"2022-04-05T08:28:20","guid":{"rendered":"https:\/\/www.tradisa.com\/2022\/04\/05\/las-ventas-europeas-de-camiones-y-autobuses-bajaron-un-147-en-febrero-via-fleet-people\/"},"modified":"2022-04-05T09:28:20","modified_gmt":"2022-04-05T08:28:20","slug":"las-ventas-europeas-de-camiones-y-autobuses-bajaron-un-147-en-febrero-via-fleet-people","status":"publish","type":"post","link":"https:\/\/www.tradisa.com\/es\/las-ventas-europeas-de-camiones-y-autobuses-bajaron-un-147-en-febrero-via-fleet-people\/","title":{"rendered":"Las ventas europeas de camiones y autobuses bajaron un 14,7% en febrero. V\u00eda Fleet People."},"content":{"rendered":"<p>Las ventas europeas cayeron un 14,7% y Espa\u00f1a fue el pa\u00eds del \u00abtop 5\u00bb europeo que registr\u00f3 los mayores descensos en las ventas de camiones y autobuses tanto en febrero como en el conjunto del a\u00f1o, con descensos del 23,3% y del 21,9%, respectivamente.<\/p>\n<p>Lee el art\u00edculo completo en <a href=\"https:\/\/fleetpeople.es\/ventas-europeas-camiones-febrero\/?doing_wp_cron=1649675107.8967399597167968750000\" class=\"broken_link\">Fleet People<\/a>.<\/p>\n","protected":false},"excerpt":{"rendered":"<p>Las ventas europeas cayeron un 14,7% y Espa\u00f1a fue el pa\u00eds del \u00abtop 5\u00bb europeo que registr\u00f3 los mayores descensos en las ventas de camiones y autobuses tanto en febrero como en el conjunto del a\u00f1o, con descensos del 23,3% y del 21,9%, respectivamente. Lee el art\u00edculo completo en Fleet People.<\/p>\n","protected":false},"author":8,"featured_media":5711,"comment_status":"closed","ping_status":"open","sticky":false,"template":"","format":"standard","meta":{"footnotes":""},"categories":[25],"tags":[],"yoast_head":"<!-- This site is optimized with the Yoast SEO plugin v21.8 - https:\/\/yoast.com\/wordpress\/plugins\/seo\/ -->\n<title>Las ventas europeas de camiones y autobuses bajaron un 14,7% en febrero. V\u00eda Fleet People. - TRADISA<\/title>\n<meta name=\"robots\" content=\"index, follow, max-snippet:-1, max-image-preview:large, max-video-preview:-1\" \/>\n<link rel=\"canonical\" href=\"https:\/\/www.tradisa.com\/es\/las-ventas-europeas-de-camiones-y-autobuses-bajaron-un-147-en-febrero-via-fleet-people\/\" \/>\n<meta property=\"og:locale\" content=\"es_ES\" \/>\n<meta property=\"og:type\" content=\"article\" \/>\n<meta property=\"og:title\" content=\"Las ventas europeas de camiones y autobuses bajaron un 14,7% en febrero. V\u00eda Fleet People. - TRADISA\" \/>\n<meta property=\"og:description\" content=\"Las ventas europeas cayeron un 14,7% y Espa\u00f1a fue el pa\u00eds del \u00abtop 5\u00bb europeo que registr\u00f3 los mayores descensos en las ventas de camiones y autobuses tanto en febrero como en el conjunto del a\u00f1o, con descensos del 23,3% y del 21,9%, respectivamente. Lee el art\u00edculo completo en Fleet People.\" \/>\n<meta property=\"og:url\" content=\"https:\/\/www.tradisa.com\/es\/las-ventas-europeas-de-camiones-y-autobuses-bajaron-un-147-en-febrero-via-fleet-people\/\" \/>\n<meta property=\"og:site_name\" content=\"TRADISA\" \/>\n<meta property=\"article:published_time\" content=\"2022-04-05T08:28:20+00:00\" \/>\n<meta property=\"og:image\" content=\"https:\/\/www.tradisa.com\/wp-content\/uploads\/2022\/04\/truck-g7750dc3a5_1920.jpg\" \/>\n\t<meta property=\"og:image:width\" content=\"1920\" \/>\n\t<meta property=\"og:image:height\" content=\"1292\" \/>\n\t<meta property=\"og:image:type\" content=\"image\/jpeg\" \/>\n<meta name=\"author\" content=\"Tradisa Editor\" \/>\n<meta name=\"twitter:card\" content=\"summary_large_image\" \/>\n<meta name=\"twitter:label1\" content=\"Escrito por\" \/>\n\t<meta name=\"twitter:data1\" content=\"Tradisa Editor\" \/>\n<script type=\"application\/ld+json\" class=\"yoast-schema-graph\">{\"@context\":\"https:\/\/schema.org\",\"@graph\":[{\"@type\":\"Article\",\"@id\":\"https:\/\/www.tradisa.com\/es\/las-ventas-europeas-de-camiones-y-autobuses-bajaron-un-147-en-febrero-via-fleet-people\/#article\",\"isPartOf\":{\"@id\":\"https:\/\/www.tradisa.com\/es\/las-ventas-europeas-de-camiones-y-autobuses-bajaron-un-147-en-febrero-via-fleet-people\/\"},\"author\":{\"name\":\"Tradisa Editor\",\"@id\":\"https:\/\/www.tradisa.com\/es\/#\/schema\/person\/c9f089b04c7df889c4cd8d4732e89b17\"},\"headline\":\"Las ventas europeas de camiones y autobuses bajaron un 14,7% en febrero. V\u00eda Fleet People.\",\"datePublished\":\"2022-04-05T08:28:20+00:00\",\"dateModified\":\"2022-04-05T08:28:20+00:00\",\"mainEntityOfPage\":{\"@id\":\"https:\/\/www.tradisa.com\/es\/las-ventas-europeas-de-camiones-y-autobuses-bajaron-un-147-en-febrero-via-fleet-people\/\"},\"wordCount\":66,\"publisher\":{\"@id\":\"https:\/\/www.tradisa.com\/es\/#organization\"},\"articleSection\":[\"Europe Roadmap\"],\"inLanguage\":\"es\"},{\"@type\":\"WebPage\",\"@id\":\"https:\/\/www.tradisa.com\/es\/las-ventas-europeas-de-camiones-y-autobuses-bajaron-un-147-en-febrero-via-fleet-people\/\",\"url\":\"https:\/\/www.tradisa.com\/es\/las-ventas-europeas-de-camiones-y-autobuses-bajaron-un-147-en-febrero-via-fleet-people\/\",\"name\":\"Las ventas europeas de camiones y autobuses bajaron un 14,7% en febrero. V\u00eda Fleet People. - TRADISA\",\"isPartOf\":{\"@id\":\"https:\/\/www.tradisa.com\/es\/#website\"},\"datePublished\":\"2022-04-05T08:28:20+00:00\",\"dateModified\":\"2022-04-05T08:28:20+00:00\",\"breadcrumb\":{\"@id\":\"https:\/\/www.tradisa.com\/es\/las-ventas-europeas-de-camiones-y-autobuses-bajaron-un-147-en-febrero-via-fleet-people\/#breadcrumb\"},\"inLanguage\":\"es\",\"potentialAction\":[{\"@type\":\"ReadAction\",\"target\":[\"https:\/\/www.tradisa.com\/es\/las-ventas-europeas-de-camiones-y-autobuses-bajaron-un-147-en-febrero-via-fleet-people\/\"]}]},{\"@type\":\"BreadcrumbList\",\"@id\":\"https:\/\/www.tradisa.com\/es\/las-ventas-europeas-de-camiones-y-autobuses-bajaron-un-147-en-febrero-via-fleet-people\/#breadcrumb\",\"itemListElement\":[{\"@type\":\"ListItem\",\"position\":1,\"name\":\"Home\",\"item\":\"https:\/\/www.tradisa.com\/es\/\"},{\"@type\":\"ListItem\",\"position\":2,\"name\":\"Las ventas europeas de camiones y autobuses bajaron un 14,7% en febrero. V\u00eda Fleet People.\"}]},{\"@type\":\"WebSite\",\"@id\":\"https:\/\/www.tradisa.com\/es\/#website\",\"url\":\"https:\/\/www.tradisa.com\/es\/\",\"name\":\"TRADISA\",\"description\":\"Global Logistics Solutions\",\"publisher\":{\"@id\":\"https:\/\/www.tradisa.com\/es\/#organization\"},\"potentialAction\":[{\"@type\":\"SearchAction\",\"target\":{\"@type\":\"EntryPoint\",\"urlTemplate\":\"https:\/\/www.tradisa.com\/es\/?s={search_term_string}\"},\"query-input\":\"required name=search_term_string\"}],\"inLanguage\":\"es\"},{\"@type\":\"Organization\",\"@id\":\"https:\/\/www.tradisa.com\/es\/#organization\",\"name\":\"TRADISA\",\"url\":\"https:\/\/www.tradisa.com\/es\/\",\"logo\":{\"@type\":\"ImageObject\",\"inLanguage\":\"es\",\"@id\":\"https:\/\/www.tradisa.com\/es\/#\/schema\/logo\/image\/\",\"url\":\"https:\/\/www.tradisa.com\/wp-content\/uploads\/2024\/01\/cropped-1.LogoTradisa-Logotipo70-verde.png\",\"contentUrl\":\"https:\/\/www.tradisa.com\/wp-content\/uploads\/2024\/01\/cropped-1.LogoTradisa-Logotipo70-verde.png\",\"width\":531,\"height\":345,\"caption\":\"TRADISA\"},\"image\":{\"@id\":\"https:\/\/www.tradisa.com\/es\/#\/schema\/logo\/image\/\"}},{\"@type\":\"Person\",\"@id\":\"https:\/\/www.tradisa.com\/es\/#\/schema\/person\/c9f089b04c7df889c4cd8d4732e89b17\",\"name\":\"Tradisa Editor\",\"image\":{\"@type\":\"ImageObject\",\"inLanguage\":\"es\",\"@id\":\"https:\/\/www.tradisa.com\/es\/#\/schema\/person\/image\/\",\"url\":\"https:\/\/secure.gravatar.com\/avatar\/cc9d30564f5380a3a7c8d1ec9a939dd4?s=96&d=mm&r=g\",\"contentUrl\":\"https:\/\/secure.gravatar.com\/avatar\/cc9d30564f5380a3a7c8d1ec9a939dd4?s=96&d=mm&r=g\",\"caption\":\"Tradisa Editor\"},\"url\":\"https:\/\/www.tradisa.com\/es\/author\/jmontero_ext\/\"}]}<\/script>\n<!-- \/ Yoast SEO plugin. -->","yoast_head_json":{"title":"Las ventas europeas de camiones y autobuses bajaron un 14,7% en febrero. V\u00eda Fleet People. - TRADISA","robots":{"index":"index","follow":"follow","max-snippet":"max-snippet:-1","max-image-preview":"max-image-preview:large","max-video-preview":"max-video-preview:-1"},"canonical":"https:\/\/www.tradisa.com\/es\/las-ventas-europeas-de-camiones-y-autobuses-bajaron-un-147-en-febrero-via-fleet-people\/","og_locale":"es_ES","og_type":"article","og_title":"Las ventas europeas de camiones y autobuses bajaron un 14,7% en febrero. V\u00eda Fleet People. - TRADISA","og_description":"Las ventas europeas cayeron un 14,7% y Espa\u00f1a fue el pa\u00eds del \u00abtop 5\u00bb europeo que registr\u00f3 los mayores descensos en las ventas de camiones y autobuses tanto en febrero como en el conjunto del a\u00f1o, con descensos del 23,3% y del 21,9%, respectivamente. Lee el art\u00edculo completo en Fleet People.","og_url":"https:\/\/www.tradisa.com\/es\/las-ventas-europeas-de-camiones-y-autobuses-bajaron-un-147-en-febrero-via-fleet-people\/","og_site_name":"TRADISA","article_published_time":"2022-04-05T08:28:20+00:00","og_image":[{"width":1920,"height":1292,"url":"https:\/\/www.tradisa.com\/wp-content\/uploads\/2022\/04\/truck-g7750dc3a5_1920.jpg","type":"image\/jpeg"}],"author":"Tradisa Editor","twitter_card":"summary_large_image","twitter_misc":{"Escrito por":"Tradisa Editor"},"schema":{"@context":"https:\/\/schema.org","@graph":[{"@type":"Article","@id":"https:\/\/www.tradisa.com\/es\/las-ventas-europeas-de-camiones-y-autobuses-bajaron-un-147-en-febrero-via-fleet-people\/#article","isPartOf":{"@id":"https:\/\/www.tradisa.com\/es\/las-ventas-europeas-de-camiones-y-autobuses-bajaron-un-147-en-febrero-via-fleet-people\/"},"author":{"name":"Tradisa Editor","@id":"https:\/\/www.tradisa.com\/es\/#\/schema\/person\/c9f089b04c7df889c4cd8d4732e89b17"},"headline":"Las ventas europeas de camiones y autobuses bajaron un 14,7% en febrero. V\u00eda Fleet People.","datePublished":"2022-04-05T08:28:20+00:00","dateModified":"2022-04-05T08:28:20+00:00","mainEntityOfPage":{"@id":"https:\/\/www.tradisa.com\/es\/las-ventas-europeas-de-camiones-y-autobuses-bajaron-un-147-en-febrero-via-fleet-people\/"},"wordCount":66,"publisher":{"@id":"https:\/\/www.tradisa.com\/es\/#organization"},"articleSection":["Europe Roadmap"],"inLanguage":"es"},{"@type":"WebPage","@id":"https:\/\/www.tradisa.com\/es\/las-ventas-europeas-de-camiones-y-autobuses-bajaron-un-147-en-febrero-via-fleet-people\/","url":"https:\/\/www.tradisa.com\/es\/las-ventas-europeas-de-camiones-y-autobuses-bajaron-un-147-en-febrero-via-fleet-people\/","name":"Las ventas europeas de camiones y autobuses bajaron un 14,7% en febrero. V\u00eda Fleet People. - TRADISA","isPartOf":{"@id":"https:\/\/www.tradisa.com\/es\/#website"},"datePublished":"2022-04-05T08:28:20+00:00","dateModified":"2022-04-05T08:28:20+00:00","breadcrumb":{"@id":"https:\/\/www.tradisa.com\/es\/las-ventas-europeas-de-camiones-y-autobuses-bajaron-un-147-en-febrero-via-fleet-people\/#breadcrumb"},"inLanguage":"es","potentialAction":[{"@type":"ReadAction","target":["https:\/\/www.tradisa.com\/es\/las-ventas-europeas-de-camiones-y-autobuses-bajaron-un-147-en-febrero-via-fleet-people\/"]}]},{"@type":"BreadcrumbList","@id":"https:\/\/www.tradisa.com\/es\/las-ventas-europeas-de-camiones-y-autobuses-bajaron-un-147-en-febrero-via-fleet-people\/#breadcrumb","itemListElement":[{"@type":"ListItem","position":1,"name":"Home","item":"https:\/\/www.tradisa.com\/es\/"},{"@type":"ListItem","position":2,"name":"Las ventas europeas de camiones y autobuses bajaron un 14,7% en febrero. V\u00eda Fleet People."}]},{"@type":"WebSite","@id":"https:\/\/www.tradisa.com\/es\/#website","url":"https:\/\/www.tradisa.com\/es\/","name":"TRADISA","description":"Global Logistics Solutions","publisher":{"@id":"https:\/\/www.tradisa.com\/es\/#organization"},"potentialAction":[{"@type":"SearchAction","target":{"@type":"EntryPoint","urlTemplate":"https:\/\/www.tradisa.com\/es\/?s={search_term_string}"},"query-input":"required name=search_term_string"}],"inLanguage":"es"},{"@type":"Organization","@id":"https:\/\/www.tradisa.com\/es\/#organization","name":"TRADISA","url":"https:\/\/www.tradisa.com\/es\/","logo":{"@type":"ImageObject","inLanguage":"es","@id":"https:\/\/www.tradisa.com\/es\/#\/schema\/logo\/image\/","url":"https:\/\/www.tradisa.com\/wp-content\/uploads\/2024\/01\/cropped-1.LogoTradisa-Logotipo70-verde.png","contentUrl":"https:\/\/www.tradisa.com\/wp-content\/uploads\/2024\/01\/cropped-1.LogoTradisa-Logotipo70-verde.png","width":531,"height":345,"caption":"TRADISA"},"image":{"@id":"https:\/\/www.tradisa.com\/es\/#\/schema\/logo\/image\/"}},{"@type":"Person","@id":"https:\/\/www.tradisa.com\/es\/#\/schema\/person\/c9f089b04c7df889c4cd8d4732e89b17","name":"Tradisa Editor","image":{"@type":"ImageObject","inLanguage":"es","@id":"https:\/\/www.tradisa.com\/es\/#\/schema\/person\/image\/","url":"https:\/\/secure.gravatar.com\/avatar\/cc9d30564f5380a3a7c8d1ec9a939dd4?s=96&d=mm&r=g","contentUrl":"https:\/\/secure.gravatar.com\/avatar\/cc9d30564f5380a3a7c8d1ec9a939dd4?s=96&d=mm&r=g","caption":"Tradisa Editor"},"url":"https:\/\/www.tradisa.com\/es\/author\/jmontero_ext\/"}]}},"_links":{"self":[{"href":"https:\/\/www.tradisa.com\/es\/wp-json\/wp\/v2\/posts\/5737"}],"collection":[{"href":"https:\/\/www.tradisa.com\/es\/wp-json\/wp\/v2\/posts"}],"about":[{"href":"https:\/\/www.tradisa.com\/es\/wp-json\/wp\/v2\/types\/post"}],"author":[{"embeddable":true,"href":"https:\/\/www.tradisa.com\/es\/wp-json\/wp\/v2\/users\/8"}],"replies":[{"embeddable":true,"href":"https:\/\/www.tradisa.com\/es\/wp-json\/wp\/v2\/comments?post=5737"}],"version-history":[{"count":0,"href":"https:\/\/www.tradisa.com\/es\/wp-json\/wp\/v2\/posts\/5737\/revisions"}],"wp:featuredmedia":[{"embeddable":true,"href":"https:\/\/www.tradisa.com\/es\/wp-json\/wp\/v2\/media\/5711"}],"wp:attachment":[{"href":"https:\/\/www.tradisa.com\/es\/wp-json\/wp\/v2\/media?parent=5737"}],"wp:term":[{"taxonomy":"category","embeddable":true,"href":"https:\/\/www.tradisa.com\/es\/wp-json\/wp\/v2\/categories?post=5737"},{"taxonomy":"post_tag","embeddable":true,"href":"https:\/\/www.tradisa.com\/es\/wp-json\/wp\/v2\/tags?post=5737"}],"curies":[{"name":"wp","href":"https:\/\/api.w.org\/{rel}","templated":true}]}}